{"id":14011,"date":"2023-07-17T21:25:05","date_gmt":"2023-07-17T21:25:05","guid":{"rendered":"https:\/\/cristosal.org\/ES\/?p=14011"},"modified":"2023-07-17T21:25:05","modified_gmt":"2023-07-17T21:25:05","slug":"presentacion-informe-un-ano-bajo-el-regimen-de-excepcion","status":"publish","type":"post","link":"https:\/\/cristosal.org\/es\/presentacion-informe-un-ano-bajo-el-regimen-de-excepcion\/","title":{"rendered":"Presentaci\u00f3n Informe: Un a\u00f1o bajo el r\u00e9gimen de excepci\u00f3n"},"content":{"rendered":"<p><\/p>\n\n\n\n<p>El informe sobre el primer a\u00f1o del r\u00e9gimen de excepci\u00f3n de Cristosal presenta la primera lista verificada de personas que murieron bajo la custodia del Estado y documenta pr\u00e1cticas de tortura sistem\u00e1ticas al interior de los centros penales. Tambi\u00e9n aborda la situaci\u00f3n de las mujeres, ni\u00f1as, ni\u00f1os adolescentes y poblaci\u00f3n LGTBIQ+, as\u00ed como las reformas judiciales que limitan o imposibilitan garant\u00edas judiciales b\u00e1sicas.<\/p>\n\n\n\n<p><\/p>\n\n\n\n<p>La organizaci\u00f3n document\u00f3 139 muertes durante el primer a\u00f1o del r\u00e9gimen, es decir, entre el 27 de marzo de 2022 y el 27 de marzo de 2023. De estas, cuatro corresponden a mujeres y 135 a hombres. Ninguna de las personas fallecidas hab\u00eda sido declarada culpable del delito que se les atribuy\u00f3 al momento de la detenci\u00f3n. Hasta abril de 2023, la cifra de muertes registradas por Cristosal era de 153.\u00a0<\/p>\n\n\n\n<p><\/p>\n\n\n\n<p>Para obtener esta informaci\u00f3n, la organizaci\u00f3n llev\u00f3 a cabo investigaciones de campo -incluidas en fosas comunes-, recolecci\u00f3n de una amplia documentaci\u00f3n fotogr\u00e1fica de los cuerpos y de esquelas del Instituto de Medicina Legal (IML); as\u00ed como entrevistas a familiares, vecinos, conocidos de las personas fallecidas y personas que estuvieron detenidas. La gran mayor\u00eda de las personas entrevistadas manifestaron temor a ser identificados o dar declaraciones p\u00fablicas, debido al miedo a represalias por parte de las autoridades. Adem\u00e1s, su m\u00e1xima preocupaci\u00f3n es garantizar la subsistencia y el cuidado de los hijos e hijas de las personas fallecidas. Incluso, muchas de estas familias tambi\u00e9n han sufrido un desplazamiento forzado.<\/p>\n\n\n\n<p><\/p>\n\n\n\n<p>La investigaci\u00f3n realizada por Cristosal revela que las muertes ocurridas bajo custodia del Estado fueron el resultado de torturas y lesiones graves y sistem\u00e1ticas infligidas a las personas detenidas. Fotograf\u00edas y el propio IML documentaron signos de asfixia, fracturas, numerosos hematomas, laceraciones e incluso perforaciones en los cad\u00e1veres. Casi la mitad de las personas fallecidas en centros penitenciarios fueron v\u00edctimas de muertes violentas confirmadas, posibles o sospechosas. Adem\u00e1s, cerca de un quinto de estas muertes fueron causadas por patolog\u00edas que evidencian una negligencia deliberada en la provisi\u00f3n de asistencia m\u00e9dica, medicamentos y alimentos, registr\u00e1ndose incluso muertes por desnutrici\u00f3n.\u00a0<\/p>\n\n\n\n<p><\/p>\n\n\n\n<p>El informe detalla decenas de testimonios y casos. Uno de estos, es el de un joven de 24 a\u00f1os que se dedicaba a la pesca y muri\u00f3 en la ambulancia antes de ingresar al Hospital Nacional Zacamil. Su cuerpo presentaba una perforaci\u00f3n que traspasaba uno de sus hombros y laceraciones en las rodillas, pero la esquela del IML falleci\u00f3 a consecuencia de \u201cedema pulmonar\u201d. El impacto de la muerte provoc\u00f3 que su esposa de cinco meses de embarazo perdiera a su futuro hijo.<\/p>\n\n\n\n<p>El informe de la organizaci\u00f3n profundiza en las pr\u00e1cticas de tortura y tratos crueles, inhumanos y degradantes que han sido infligidos de manera generalizada a millas de personas detenidas bajo el r\u00e9gimen de excepci\u00f3n. Estas acciones revelan claramente que forman parte de una pol\u00edtica punitiva llevada a cabo por los custodios y funcionarios de la administraci\u00f3n penitenciaria. Es evidente que tales acciones requieren la autorizaci\u00f3n y el respaldo de las autoridades de m\u00e1s alto nivel en el \u00e1mbito de Seguridad.<\/p>\n\n\n\n<figure class=\"wp-block-gallery has-nested-images columns-default is-cropped wp-block-gallery-1 is-layout-flex wp-block-gallery-is-layout-flex\">\n<figure class=\"wp-block-image size-large\"><img alt=\"\" fetchpriority=\"high\" decoding=\"async\" width=\"1024\" height=\"689\" data-id=\"14016\" src=\"https:\/\/cristosal.org\/wp-content\/uploads\/2023\/07\/signal-2023-07-17-143901_002-1-1024x689.jpeg\" class=\"wp-image-14016\" srcset=\"https:\/\/cristosal.org\/wp-content\/uploads\/2023\/07\/signal-2023-07-17-143901_002-1-1024x689.jpeg 1024w, https:\/\/cristosal.org\/wp-content\/uploads\/2023\/07\/signal-2023-07-17-143901_002-1-300x202.jpeg 300w, https:\/\/cristosal.org\/wp-content\/uploads\/2023\/07\/signal-2023-07-17-143901_002-1-768x516.jpeg 768w, https:\/\/cristosal.org\/wp-content\/uploads\/2023\/07\/signal-2023-07-17-143901_002-1-1536x1033.jpeg 1536w, https:\/\/cristosal.org\/wp-content\/uploads\/2023\/07\/signal-2023-07-17-143901_002-1.jpeg 1600w\" sizes=\"(max-width: 1024px) 100vw, 1024px\" \/><\/figure>\n\n\n\n<figure class=\"wp-block-image size-large\"><img alt=\"\" decoding=\"async\" width=\"1024\" height=\"683\" data-id=\"14015\" src=\"https:\/\/cristosal.org\/wp-content\/uploads\/2023\/07\/signal-2023-07-17-145243_002-1024x683.jpeg\" class=\"wp-image-14015\" srcset=\"https:\/\/cristosal.org\/wp-content\/uploads\/2023\/07\/signal-2023-07-17-145243_002-1024x683.jpeg 1024w, https:\/\/cristosal.org\/wp-content\/uploads\/2023\/07\/signal-2023-07-17-145243_002-300x200.jpeg 300w, https:\/\/cristosal.org\/wp-content\/uploads\/2023\/07\/signal-2023-07-17-145243_002-768x512.jpeg 768w, https:\/\/cristosal.org\/wp-content\/uploads\/2023\/07\/signal-2023-07-17-145243_002.jpeg 1500w\" sizes=\"(max-width: 1024px) 100vw, 1024px\" \/><\/figure>\n\n\n\n<figure class=\"wp-block-image size-large\"><img alt=\"\" decoding=\"async\" width=\"1024\" height=\"706\" data-id=\"14014\" src=\"https:\/\/cristosal.org\/wp-content\/uploads\/2023\/07\/signal-2023-07-17-145324_002-1024x706.jpeg\" class=\"wp-image-14014\" srcset=\"https:\/\/cristosal.org\/wp-content\/uploads\/2023\/07\/signal-2023-07-17-145324_002-1024x706.jpeg 1024w, https:\/\/cristosal.org\/wp-content\/uploads\/2023\/07\/signal-2023-07-17-145324_002-300x207.jpeg 300w, https:\/\/cristosal.org\/wp-content\/uploads\/2023\/07\/signal-2023-07-17-145324_002-768x530.jpeg 768w, https:\/\/cristosal.org\/wp-content\/uploads\/2023\/07\/signal-2023-07-17-145324_002.jpeg 1280w\" sizes=\"(max-width: 1024px) 100vw, 1024px\" \/><\/figure>\n<\/figure>","protected":false},"excerpt":{"rendered":"<p>El informe sobre el primer a\u00f1o del r\u00e9gimen de excepci\u00f3n de Cristosal presenta la primera lista verificada de personas que murieron bajo la custodia del Estado y documenta pr\u00e1cticas de tortura sistem\u00e1ticas al interior de los centros penales. Tambi\u00e9n aborda la situaci\u00f3n de las mujeres, ni\u00f1as, ni\u00f1os adolescentes y poblaci\u00f3n LGTBIQ+, as\u00ed como las reformas [&hellip;]<\/p>\n","protected":false},"author":2,"featured_media":14012,"comment_status":"closed","ping_status":"closed","sticky":false,"template":"","format":"standard","meta":{"_seopress_robots_primary_cat":"","_seopress_titles_title":"","_seopress_titles_desc":"","_seopress_robots_index":"","inline_featured_image":false,"footnotes":""},"categories":[29],"tags":[],"class_list":["post-14011","post","type-post","status-publish","format-standard","has-post-thumbnail","hentry","category-noticias"],"_links":{"self":[{"href":"https:\/\/cristosal.org\/es\/wp-json\/wp\/v2\/posts\/14011","targetHints":{"allow":["GET"]}}],"collection":[{"href":"https:\/\/cristosal.org\/es\/wp-json\/wp\/v2\/posts"}],"about":[{"href":"https:\/\/cristosal.org\/es\/wp-json\/wp\/v2\/types\/post"}],"author":[{"embeddable":true,"href":"https:\/\/cristosal.org\/es\/wp-json\/wp\/v2\/users\/2"}],"replies":[{"embeddable":true,"href":"https:\/\/cristosal.org\/es\/wp-json\/wp\/v2\/comments?post=14011"}],"version-history":[{"count":0,"href":"https:\/\/cristosal.org\/es\/wp-json\/wp\/v2\/posts\/14011\/revisions"}],"wp:featuredmedia":[{"embeddable":true,"href":"https:\/\/cristosal.org\/es\/wp-json\/wp\/v2\/media\/14012"}],"wp:attachment":[{"href":"https:\/\/cristosal.org\/es\/wp-json\/wp\/v2\/media?parent=14011"}],"wp:term":[{"taxonomy":"category","embeddable":true,"href":"https:\/\/cristosal.org\/es\/wp-json\/wp\/v2\/categories?post=14011"},{"taxonomy":"post_tag","embeddable":true,"href":"https:\/\/cristosal.org\/es\/wp-json\/wp\/v2\/tags?post=14011"}],"curies":[{"name":"wp","href":"https:\/\/api.w.org\/{rel}","templated":true}]}}