{"id":11909,"date":"2023-03-28T20:41:46","date_gmt":"2023-03-28T20:41:46","guid":{"rendered":"https:\/\/cristosal.org\/ES\/?p=11909"},"modified":"2023-03-28T20:41:46","modified_gmt":"2023-03-28T20:41:46","slug":"caso-san-andres-primer-caso-de-un-escuadron-de-la-muerte-que-pasa-a-vista-publica-en-el-salvador","status":"publish","type":"post","link":"https:\/\/cristosal.org\/es\/caso-san-andres-primer-caso-de-un-escuadron-de-la-muerte-que-pasa-a-vista-publica-en-el-salvador\/","title":{"rendered":"Caso San Andr\u00e9s: primer caso de un \u201cescuadr\u00f3n de la muerte\u201d que pasa a vista p\u00fablica en El Salvador"},"content":{"rendered":"<h5 class=\"wp-block-heading\">7 de febrero \/ 2023<\/h5>\n\n\n\n<p>La jueza primera de instrucci\u00f3n de San Miguel aprob\u00f3 toda la oferta probatoria presentada por la querella: un grupo de abogados y abogadas de Cristosal que representan a los familiares de v\u00edctimas que fueron asesinadas el 7 de abril de 1981 en San Andr\u00e9s, San Miguel.<\/p>\n\n\n\n<p><strong>Es el primer caso por violaci\u00f3n de derechos humanos perpetrada por un \u201cescuadr\u00f3n de la muerte\u201d que pasa a vista p\u00fablica luego que quedar\u00e1 sin efecto la Ley de Amnist\u00eda en 2016.<\/strong><\/p>\n\n\n\n<p>Este caso sienta un precedente muy <a><\/a>importante. El tribunal ha considerado que hay prueba suficiente para ir a vista p\u00fablica contra los 4 imputados, pero tambi\u00e9n, ha valorado que es un crimen de lesa humanidad, un crimen de guerra y que por lo tanto no prescribe. .<\/p>\n\n\n\n<p>La prueba que ha sido aceptada, incluye:<\/p>\n\n\n\n<p>\u2013 Prueba hist\u00f3rica documental, como el informe de comisi\u00f3n de la verdad y otros informes de la \u00e9poca<\/p>\n\n\n\n<p>\u2013 Prueba testimonio<\/p>\n\n\n\n<p>\u2013 Prueba documental que detalla la manera operaba este tipo de estructura paramilitar<\/p>\n\n\n\n<figure class=\"wp-block-image aligncenter size-large is-resized\"><img alt=\"\" fetchpriority=\"high\" decoding=\"async\" src=\"https:\/\/cristosal.org\/wp-content\/uploads\/2023\/03\/24-de-enero-1.1-1024x768.jpeg\" class=\"wp-image-11903\" width=\"512\" height=\"384\" srcset=\"https:\/\/cristosal.org\/wp-content\/uploads\/2023\/03\/24-de-enero-1.1-1024x768.jpeg 1024w, https:\/\/cristosal.org\/wp-content\/uploads\/2023\/03\/24-de-enero-1.1-300x225.jpeg 300w, https:\/\/cristosal.org\/wp-content\/uploads\/2023\/03\/24-de-enero-1.1-768x576.jpeg 768w, https:\/\/cristosal.org\/wp-content\/uploads\/2023\/03\/24-de-enero-1.1-1536x1152.jpeg 1536w, https:\/\/cristosal.org\/wp-content\/uploads\/2023\/03\/24-de-enero-1.1.jpeg 1600w\" sizes=\"(max-width: 512px) 100vw, 512px\" \/><\/figure>","protected":false},"excerpt":{"rendered":"<p>7 de febrero \/ 2023 La jueza primero de instrucci\u00f3n de San Miguel aprob\u00f3 toda la oferta probatoria presentada por la querella: un grupo de abogados y abogadas de Cristosal que representan a los familiares de v\u00edctimas que fueron asesinadas el 7 de abril de 1981 en San Andr\u00e9s, San Miguel. Es el primer caso [&hellip;]<\/p>\n","protected":false},"author":2,"featured_media":11903,"comment_status":"closed","ping_status":"closed","sticky":false,"template":"","format":"standard","meta":{"_seopress_robots_primary_cat":"","_seopress_titles_title":"","_seopress_titles_desc":"","_seopress_robots_index":"","inline_featured_image":false,"footnotes":""},"categories":[29],"tags":[],"class_list":["post-11909","post","type-post","status-publish","format-standard","has-post-thumbnail","hentry","category-noticias"],"_links":{"self":[{"href":"https:\/\/cristosal.org\/es\/wp-json\/wp\/v2\/posts\/11909","targetHints":{"allow":["GET"]}}],"collection":[{"href":"https:\/\/cristosal.org\/es\/wp-json\/wp\/v2\/posts"}],"about":[{"href":"https:\/\/cristosal.org\/es\/wp-json\/wp\/v2\/types\/post"}],"author":[{"embeddable":true,"href":"https:\/\/cristosal.org\/es\/wp-json\/wp\/v2\/users\/2"}],"replies":[{"embeddable":true,"href":"https:\/\/cristosal.org\/es\/wp-json\/wp\/v2\/comments?post=11909"}],"version-history":[{"count":0,"href":"https:\/\/cristosal.org\/es\/wp-json\/wp\/v2\/posts\/11909\/revisions"}],"wp:featuredmedia":[{"embeddable":true,"href":"https:\/\/cristosal.org\/es\/wp-json\/wp\/v2\/media\/11903"}],"wp:attachment":[{"href":"https:\/\/cristosal.org\/es\/wp-json\/wp\/v2\/media?parent=11909"}],"wp:term":[{"taxonomy":"category","embeddable":true,"href":"https:\/\/cristosal.org\/es\/wp-json\/wp\/v2\/categories?post=11909"},{"taxonomy":"post_tag","embeddable":true,"href":"https:\/\/cristosal.org\/es\/wp-json\/wp\/v2\/tags?post=11909"}],"curies":[{"name":"wp","href":"https:\/\/api.w.org\/{rel}","templated":true}]}}