{"id":10970,"date":"2023-02-24T00:11:58","date_gmt":"2023-02-24T00:11:58","guid":{"rendered":"https:\/\/cristosal.org\/ES\/?p=10970"},"modified":"2023-02-24T00:11:58","modified_gmt":"2023-02-24T00:11:58","slug":"visibilizar-lo-invisible-desplazamiento-forzado-en-el-salvador-2017","status":"publish","type":"post","link":"https:\/\/cristosal.org\/es\/visibilizar-lo-invisible-desplazamiento-forzado-en-el-salvador-2017\/","title":{"rendered":"Visibilizar lo invisible \u2013 Desplazamiento forzado en El Salvador (2017)"},"content":{"rendered":"\n<p>El presente documento reporta y analiza los casos de desplazados internos por violencia registrados y atendidos por Cristosal y la Fundaci\u00f3n Quetzalc\u00f3atl durante el a\u00f1o 2017. La informaci\u00f3n considerada aqu\u00ed toma en cuenta \u00fanicamente a las familias desplazadas dentro de los l\u00edmites de la frontera nacional que fueron atendidas directamente por ambas instituciones, y en muchos de los casos tambi\u00e9n interpusieron denuncias ante instancias estatales contando con acompa\u00f1amiento legal y en situaciones puntuales tambi\u00e9n con acompa\u00f1amiento psicosocial a las v\u00edctimas. El tipo de movilidad humana considerado en este Informe es consecuencia de la extrema violencia que ha experimentado el pa\u00eds en los \u00faltimos 15 a\u00f1os y que ha conducido a caracterizarlo como un lugar, sin conflictos armados, de mayor violencia letal y de mayor n\u00famero de desplazados internos en la regi\u00f3n (Centro de Monitoreo del Desplazamiento Interno [IDMC, por sus siglas en ingl\u00e9s] y Consejo Noruego para los Refugiados, 2017). V\u00edctimas de m\u00faltiples formas de violencia se ven afectadas en el ejercicio de sus derechos humanos, mientras los graves da\u00f1os f\u00edsicos, materiales, sociales y psicol\u00f3gicos a los que han sido expuestas quedan sin respuesta oficial, oblig\u00e1ndoles a recurrir a redes familiares, sociales o de tr\u00e1fico para desplazarse internamente o abandonar el pa\u00eds como \u00faltima opci\u00f3n.<\/p>\n\n\n\n<div data-wp-interactive=\"core\/file\" class=\"wp-block-file\"><object data-wp-bind--hidden=\"!state.hasPdfPreview\" hidden class=\"wp-block-file__embed\" data=\"https:\/\/cristosal.org\/wp-content\/uploads\/2023\/02\/Vizibizilarloinvisible.pdf\" type=\"application\/pdf\" style=\"width:100%;height:600px\" aria-label=\"Incrustado de Vizibizilarloinvisible.\"><\/object><a id=\"wp-block-file--media-b9f3e951-8b32-4b85-aafb-cf4844ffeeac\" href=\"https:\/\/cristosal.org\/wp-content\/uploads\/2023\/02\/Vizibizilarloinvisible.pdf\">Vizibizilarloinvisible<\/a><a href=\"https:\/\/cristosal.org\/wp-content\/uploads\/2023\/02\/Vizibizilarloinvisible.pdf\" class=\"wp-block-file__button wp-element-button\" download aria-describedby=\"wp-block-file--media-b9f3e951-8b32-4b85-aafb-cf4844ffeeac\">Descarga<\/a><\/div>\n","protected":false},"excerpt":{"rendered":"<p>El presente documento reporta y analiza los casos de desplazados internos por violencia registrados y atendidos por Cristosal y la Fundaci\u00f3n Quetzalc\u00f3atl durante el a\u00f1o 2017. La informaci\u00f3n considerada aqu\u00ed toma en cuenta \u00fanicamente a las familias desplazadas dentro de los l\u00edmites de la frontera nacional que fueron atendidas directamente por ambas instituciones, y en [&hellip;]<\/p>\n","protected":false},"author":2,"featured_media":10972,"comment_status":"closed","ping_status":"closed","sticky":false,"template":"","format":"standard","meta":{"_seopress_robots_primary_cat":"","_seopress_titles_title":"","_seopress_titles_desc":"","_seopress_robots_index":"","inline_featured_image":false,"footnotes":""},"categories":[37],"tags":[],"class_list":["post-10970","post","type-post","status-publish","format-standard","has-post-thumbnail","hentry","category-movilidad-humana"],"_links":{"self":[{"href":"https:\/\/cristosal.org\/es\/wp-json\/wp\/v2\/posts\/10970","targetHints":{"allow":["GET"]}}],"collection":[{"href":"https:\/\/cristosal.org\/es\/wp-json\/wp\/v2\/posts"}],"about":[{"href":"https:\/\/cristosal.org\/es\/wp-json\/wp\/v2\/types\/post"}],"author":[{"embeddable":true,"href":"https:\/\/cristosal.org\/es\/wp-json\/wp\/v2\/users\/2"}],"replies":[{"embeddable":true,"href":"https:\/\/cristosal.org\/es\/wp-json\/wp\/v2\/comments?post=10970"}],"version-history":[{"count":0,"href":"https:\/\/cristosal.org\/es\/wp-json\/wp\/v2\/posts\/10970\/revisions"}],"wp:featuredmedia":[{"embeddable":true,"href":"https:\/\/cristosal.org\/es\/wp-json\/wp\/v2\/media\/10972"}],"wp:attachment":[{"href":"https:\/\/cristosal.org\/es\/wp-json\/wp\/v2\/media?parent=10970"}],"wp:term":[{"taxonomy":"category","embeddable":true,"href":"https:\/\/cristosal.org\/es\/wp-json\/wp\/v2\/categories?post=10970"},{"taxonomy":"post_tag","embeddable":true,"href":"https:\/\/cristosal.org\/es\/wp-json\/wp\/v2\/tags?post=10970"}],"curies":[{"name":"wp","href":"https:\/\/api.w.org\/{rel}","templated":true}]}}